{"id":961,"date":"2023-09-23T23:42:00","date_gmt":"2023-09-23T21:42:00","guid":{"rendered":"https:\/\/apaemsaludmental.org\/?p=961"},"modified":"2025-09-11T23:45:47","modified_gmt":"2025-09-11T21:45:47","slug":"v-carrera-color-de-la-salud-mental","status":"publish","type":"post","link":"https:\/\/apaemsaludmental.org\/?p=961","title":{"rendered":"V CARRERA COLOR DE LA SALUD MENTAL"},"content":{"rendered":"\n<p>Un a\u00f1o m\u00e1s APAEM SALUD MENTAL se ha desplazado a Sevilla para participar en la carrera solidaria que organiza la Federaci\u00f3n SALUD MENTAL ANDALUC\u00cdA, enmarcada en los actos organizados para el D\u00eda de la Salud Mental 2023.<\/p>\n\n\n\n<p>Una carrera con un enfoque festivo que promueve los h\u00e1bitos de vida saludables abierta a todo el mundo. Es una marcha deportiva, no competitiva de unos 4,5 km de circuito repartido en zonas de color donde compartir m\u00fasica y deporte bajo un ambiente festivo.<\/p>\n\n\n\n<figure class=\"wp-block-gallery has-nested-images columns-default is-cropped wp-block-gallery-1 is-layout-flex wp-block-gallery-is-layout-flex\">\n<figure class=\"wp-block-image size-large\"><img loading=\"lazy\" decoding=\"async\" width=\"576\" height=\"1024\" data-id=\"970\" src=\"https:\/\/apaemsaludmental.org\/wp-content\/uploads\/2025\/09\/381501555_687160206777065_6436253429523196100_n-copia-760x1351-2-576x1024.jpeg\" alt=\"\" class=\"wp-image-970\" srcset=\"https:\/\/apaemsaludmental.org\/wp-content\/uploads\/2025\/09\/381501555_687160206777065_6436253429523196100_n-copia-760x1351-2-576x1024.jpeg 576w, https:\/\/apaemsaludmental.org\/wp-content\/uploads\/2025\/09\/381501555_687160206777065_6436253429523196100_n-copia-760x1351-2-169x300.jpeg 169w, https:\/\/apaemsaludmental.org\/wp-content\/uploads\/2025\/09\/381501555_687160206777065_6436253429523196100_n-copia-760x1351-2.jpeg 760w\" sizes=\"auto, (max-width: 576px) 100vw, 576px\" \/><\/figure>\n\n\n\n<figure class=\"wp-block-image size-large\"><img loading=\"lazy\" decoding=\"async\" width=\"1024\" height=\"768\" data-id=\"969\" src=\"https:\/\/apaemsaludmental.org\/wp-content\/uploads\/2025\/09\/381504945_687160300110389_813022079979544169_n-copia-1536x1152-2-1024x768.jpeg\" alt=\"\" class=\"wp-image-969\" srcset=\"https:\/\/apaemsaludmental.org\/wp-content\/uploads\/2025\/09\/381504945_687160300110389_813022079979544169_n-copia-1536x1152-2-1024x768.jpeg 1024w, https:\/\/apaemsaludmental.org\/wp-content\/uploads\/2025\/09\/381504945_687160300110389_813022079979544169_n-copia-1536x1152-2-300x225.jpeg 300w, https:\/\/apaemsaludmental.org\/wp-content\/uploads\/2025\/09\/381504945_687160300110389_813022079979544169_n-copia-1536x1152-2-768x576.jpeg 768w, https:\/\/apaemsaludmental.org\/wp-content\/uploads\/2025\/09\/381504945_687160300110389_813022079979544169_n-copia-1536x1152-2.jpeg 1536w\" sizes=\"auto, (max-width: 1024px) 100vw, 1024px\" \/><\/figure>\n\n\n\n<figure class=\"wp-block-image size-large\"><img loading=\"lazy\" decoding=\"async\" width=\"1024\" height=\"576\" data-id=\"968\" src=\"https:\/\/apaemsaludmental.org\/wp-content\/uploads\/2025\/09\/381695092_687160153443737_8900887706503480719_n-copia-1170x658-2-1024x576.jpeg\" alt=\"\" class=\"wp-image-968\" srcset=\"https:\/\/apaemsaludmental.org\/wp-content\/uploads\/2025\/09\/381695092_687160153443737_8900887706503480719_n-copia-1170x658-2-1024x576.jpeg 1024w, https:\/\/apaemsaludmental.org\/wp-content\/uploads\/2025\/09\/381695092_687160153443737_8900887706503480719_n-copia-1170x658-2-300x169.jpeg 300w, https:\/\/apaemsaludmental.org\/wp-content\/uploads\/2025\/09\/381695092_687160153443737_8900887706503480719_n-copia-1170x658-2-768x432.jpeg 768w, https:\/\/apaemsaludmental.org\/wp-content\/uploads\/2025\/09\/381695092_687160153443737_8900887706503480719_n-copia-1170x658-2.jpeg 1170w\" sizes=\"auto, (max-width: 1024px) 100vw, 1024px\" \/><\/figure>\n<\/figure>\n","protected":false},"excerpt":{"rendered":"<p>Un a\u00f1o m\u00e1s APAEM SALUD MENTAL se ha desplazado a Sevilla para participar en la carrera solidaria que organiza la Federaci\u00f3n SALUD MENTAL ANDALUC\u00cdA, enmarcada en los actos organizados para el D\u00eda de la Salud Mental 2023<\/p>\n","protected":false},"author":1,"featured_media":969,"comment_status":"open","ping_status":"open","sticky":false,"template":"","format":"standard","meta":{"give_campaign_id":0,"footnotes":""},"categories":[1],"tags":[],"class_list":["post-961","post","type-post","status-publish","format-standard","has-post-thumbnail","hentry","category-sin-categoria","category-1","description-off"],"_links":{"self":[{"href":"https:\/\/apaemsaludmental.org\/index.php?rest_route=\/wp\/v2\/posts\/961","targetHints":{"allow":["GET"]}}],"collection":[{"href":"https:\/\/apaemsaludmental.org\/index.php?rest_route=\/wp\/v2\/posts"}],"about":[{"href":"https:\/\/apaemsaludmental.org\/index.php?rest_route=\/wp\/v2\/types\/post"}],"author":[{"embeddable":true,"href":"https:\/\/apaemsaludmental.org\/index.php?rest_route=\/wp\/v2\/users\/1"}],"replies":[{"embeddable":true,"href":"https:\/\/apaemsaludmental.org\/index.php?rest_route=%2Fwp%2Fv2%2Fcomments&post=961"}],"version-history":[{"count":2,"href":"https:\/\/apaemsaludmental.org\/index.php?rest_route=\/wp\/v2\/posts\/961\/revisions"}],"predecessor-version":[{"id":971,"href":"https:\/\/apaemsaludmental.org\/index.php?rest_route=\/wp\/v2\/posts\/961\/revisions\/971"}],"wp:featuredmedia":[{"embeddable":true,"href":"https:\/\/apaemsaludmental.org\/index.php?rest_route=\/wp\/v2\/media\/969"}],"wp:attachment":[{"href":"https:\/\/apaemsaludmental.org\/index.php?rest_route=%2Fwp%2Fv2%2Fmedia&parent=961"}],"wp:term":[{"taxonomy":"category","embeddable":true,"href":"https:\/\/apaemsaludmental.org\/index.php?rest_route=%2Fwp%2Fv2%2Fcategories&post=961"},{"taxonomy":"post_tag","embeddable":true,"href":"https:\/\/apaemsaludmental.org\/index.php?rest_route=%2Fwp%2Fv2%2Ftags&post=961"}],"curies":[{"name":"wp","href":"https:\/\/api.w.org\/{rel}","templated":true}]}}