{"id":972,"date":"2023-07-31T23:47:59","date_gmt":"2023-07-31T21:47:59","guid":{"rendered":"https:\/\/apaemsaludmental.org\/?p=972"},"modified":"2025-09-11T23:48:48","modified_gmt":"2025-09-11T21:48:48","slug":"dia-de-convivencia-en-la-garza","status":"publish","type":"post","link":"https:\/\/apaemsaludmental.org\/?p=972","title":{"rendered":"D\u00cdA DE CONVIVENCIA EN LA GARZA"},"content":{"rendered":"\r\n<p>Un a\u00f1o m\u00e1s el tradicional d\u00eda de convivencia en las piscinas del complejo de La Garza ha reunido a nuestros soci@s y familiares. Como viene siendo tradicional todos los a\u00f1os, hemos podido disfrutar de una jornada de ba\u00f1o, juegos y amigos, \u00a1m\u00e1s podemos pedir!<\/p>\r\n\r\n\r\n\r\n<figure class=\"wp-block-gallery has-nested-images columns-default is-cropped wp-block-gallery-1 is-layout-flex wp-block-gallery-is-layout-flex\">\r\n<figure class=\"wp-block-image size-full\"><img loading=\"lazy\" decoding=\"async\" width=\"1024\" height=\"768\" data-id=\"974\" class=\"wp-image-974\" src=\"https:\/\/apaemsaludmental.org\/wp-content\/uploads\/2025\/09\/WhatsApp-Image-2023-07-27-at-17.01.23.jpeg\" alt=\"\" srcset=\"https:\/\/apaemsaludmental.org\/wp-content\/uploads\/2025\/09\/WhatsApp-Image-2023-07-27-at-17.01.23.jpeg 1024w, https:\/\/apaemsaludmental.org\/wp-content\/uploads\/2025\/09\/WhatsApp-Image-2023-07-27-at-17.01.23-300x225.jpeg 300w, https:\/\/apaemsaludmental.org\/wp-content\/uploads\/2025\/09\/WhatsApp-Image-2023-07-27-at-17.01.23-768x576.jpeg 768w\" sizes=\"auto, (max-width: 1024px) 100vw, 1024px\" \/><\/figure>\r\n\r\n\r\n\r\n<figure class=\"wp-block-image size-large\"><img loading=\"lazy\" decoding=\"async\" width=\"1024\" height=\"771\" data-id=\"975\" class=\"wp-image-975\" src=\"https:\/\/apaemsaludmental.org\/wp-content\/uploads\/2025\/09\/WhatsApp-Image-2023-07-27-at-18.37.31-1536x1156-1-1024x771.jpeg\" alt=\"\" srcset=\"https:\/\/apaemsaludmental.org\/wp-content\/uploads\/2025\/09\/WhatsApp-Image-2023-07-27-at-18.37.31-1536x1156-1-1024x771.jpeg 1024w, https:\/\/apaemsaludmental.org\/wp-content\/uploads\/2025\/09\/WhatsApp-Image-2023-07-27-at-18.37.31-1536x1156-1-300x226.jpeg 300w, https:\/\/apaemsaludmental.org\/wp-content\/uploads\/2025\/09\/WhatsApp-Image-2023-07-27-at-18.37.31-1536x1156-1-768x578.jpeg 768w, https:\/\/apaemsaludmental.org\/wp-content\/uploads\/2025\/09\/WhatsApp-Image-2023-07-27-at-18.37.31-1536x1156-1.jpeg 1536w\" sizes=\"auto, (max-width: 1024px) 100vw, 1024px\" \/><\/figure>\r\n\r\n\r\n\r\n<figure class=\"wp-block-image size-large\"><img loading=\"lazy\" decoding=\"async\" width=\"1024\" height=\"768\" data-id=\"976\" class=\"wp-image-976\" src=\"https:\/\/apaemsaludmental.org\/wp-content\/uploads\/2025\/09\/WhatsApp-Image-2023-07-27-at-18.44.46-1536x1152-1-1024x768.jpeg\" alt=\"\" srcset=\"https:\/\/apaemsaludmental.org\/wp-content\/uploads\/2025\/09\/WhatsApp-Image-2023-07-27-at-18.44.46-1536x1152-1-1024x768.jpeg 1024w, https:\/\/apaemsaludmental.org\/wp-content\/uploads\/2025\/09\/WhatsApp-Image-2023-07-27-at-18.44.46-1536x1152-1-300x225.jpeg 300w, https:\/\/apaemsaludmental.org\/wp-content\/uploads\/2025\/09\/WhatsApp-Image-2023-07-27-at-18.44.46-1536x1152-1-768x576.jpeg 768w, https:\/\/apaemsaludmental.org\/wp-content\/uploads\/2025\/09\/WhatsApp-Image-2023-07-27-at-18.44.46-1536x1152-1.jpeg 1536w\" sizes=\"auto, (max-width: 1024px) 100vw, 1024px\" \/><\/figure>\r\n<\/figure>\r\n","protected":false},"excerpt":{"rendered":"<p>Un a\u00f1o m\u00e1s el tradicional d\u00eda de convivencia en las piscinas del complejo de La Garza ha reunido a nuestros soci@s y familiares. Como viene siendo tradicional todos los a\u00f1os, hemos podido disfrutar de una jornada de ba\u00f1o, juegos y amigos, \u00a1m\u00e1s podemos pedir!<\/p>\n","protected":false},"author":1,"featured_media":973,"comment_status":"open","ping_status":"open","sticky":false,"template":"","format":"standard","meta":{"give_campaign_id":0,"footnotes":""},"categories":[23],"tags":[],"class_list":["post-972","post","type-post","status-publish","format-standard","has-post-thumbnail","hentry","category-viajes","category-23","description-off"],"_links":{"self":[{"href":"https:\/\/apaemsaludmental.org\/index.php?rest_route=\/wp\/v2\/posts\/972","targetHints":{"allow":["GET"]}}],"collection":[{"href":"https:\/\/apaemsaludmental.org\/index.php?rest_route=\/wp\/v2\/posts"}],"about":[{"href":"https:\/\/apaemsaludmental.org\/index.php?rest_route=\/wp\/v2\/types\/post"}],"author":[{"embeddable":true,"href":"https:\/\/apaemsaludmental.org\/index.php?rest_route=\/wp\/v2\/users\/1"}],"replies":[{"embeddable":true,"href":"https:\/\/apaemsaludmental.org\/index.php?rest_route=%2Fwp%2Fv2%2Fcomments&post=972"}],"version-history":[{"count":2,"href":"https:\/\/apaemsaludmental.org\/index.php?rest_route=\/wp\/v2\/posts\/972\/revisions"}],"predecessor-version":[{"id":978,"href":"https:\/\/apaemsaludmental.org\/index.php?rest_route=\/wp\/v2\/posts\/972\/revisions\/978"}],"wp:featuredmedia":[{"embeddable":true,"href":"https:\/\/apaemsaludmental.org\/index.php?rest_route=\/wp\/v2\/media\/973"}],"wp:attachment":[{"href":"https:\/\/apaemsaludmental.org\/index.php?rest_route=%2Fwp%2Fv2%2Fmedia&parent=972"}],"wp:term":[{"taxonomy":"category","embeddable":true,"href":"https:\/\/apaemsaludmental.org\/index.php?rest_route=%2Fwp%2Fv2%2Fcategories&post=972"},{"taxonomy":"post_tag","embeddable":true,"href":"https:\/\/apaemsaludmental.org\/index.php?rest_route=%2Fwp%2Fv2%2Ftags&post=972"}],"curies":[{"name":"wp","href":"https:\/\/api.w.org\/{rel}","templated":true}]}}